{"id":1456,"date":"2024-06-09T23:18:00","date_gmt":"2024-06-09T21:18:00","guid":{"rendered":"https:\/\/www.systemfragen.ch\/?p=1456"},"modified":"2024-06-10T06:05:38","modified_gmt":"2024-06-10T04:05:38","slug":"sorgenkinder-wohlstandkinder-klimaangst","status":"publish","type":"post","link":"https:\/\/www.systemfragen.ch\/index.php\/2024\/06\/09\/sorgenkinder-wohlstandkinder-klimaangst\/","title":{"rendered":"Sorgenkinder, Wohlstandskinder, Klimaangst"},"content":{"rendered":"\n<p>Panikmodus \u00fcberall und in Dauerschleife. Der Panik selbst bin ich schon l\u00e4nger gewillt, nicht nur beizupflichten, sondern selbst zum gl\u00e4ubigen Anh\u00e4nger zu werden. Genau genommen ist mein Leben l\u00e4ngst von Panik vereinnahmt. <\/p>\n\n\n\n<p>Die Diskrepanz zwischen der Selbstwahrnehmung, den eigenen wunden Punkten und den \u00f6ffentlich breitgetretenen Sorgen ist, wenig \u00fcberraschend, enorm. W\u00e4hrend ich so langsam genug wechselhaftes, kaltes Wetter habe und gerne einmal das Thermometer stabil \u00fcber 25\u00b0C klettern sehen m\u00f6chte, geht in den Medien die Hitzeapokalypse einfach weiter. Und wie bei allem wird dabei passend gemacht, was nicht passt. Gibt folglich das mitteleurop\u00e4ische Wetter derzeit die notwendige Hitze f\u00fcr die H\u00f6lle auf Erden nicht her, w\u00e4rmt man flott den Mist vom letzten Jahr auf und titelt von Hitzerekorden im US-amerikanischen &#8218;Tal des Todes&#8216;. Ich bin bereit, Wetten darauf abzuschliessen, dass diese Temperaturen nach bekannter Manier Boden- und nicht Lufttemperaturen sind. <\/p>\n\n\n\n<p>Es gilt wie immer: Stimmen Theorie und Tatsachen nicht \u00fcberein, umso schlimmer f\u00fcr die Tatsachen.<\/p>\n\n\n\n<p>In diesen Duktus passt auch die <a href=\"https:\/\/www.tagesschau.de\/wissen\/klima\/klimawandel-psychische-krankheiten-100.html\">Panikmeldung<\/a> der Tagesschau, wie sehr uns die Hitzekrise psychisch krank mache. Gut, ich erinnere mich noch an Zeiten, da galt graues Novemberwetter als Treiber f\u00fcr depressive Verstimmungen und \u00e4hnliche Krankheitsbilder. Der Zeitgeist ist aber bekanntlich \u00e4usserst flexibel, so dass wir nun angehalten sind, bei Sommer-Sonnenschein und Badewetter in Depressionen zu verfallen. Viel Gl\u00fcck dabei, ihr k\u00f6nnt mich mal!<\/p>\n\n\n\n<p>Dieser hochwertige Artikel erw\u00e4hnt dabei \u00fcberraschenderweise nicht, wer denn nun besonders von Klimaangst betroffen ist. Es braucht wenig Phantasie, dass dies prim\u00e4r orientierungslose junge Erwachsene und scheintote saturierte Senioren mit schlechtem Gewissen sind, w\u00e4hrend das Mittelalter mit dem t\u00e4glichen \u00dcberleben in den M\u00fchlen unserer Zeit voll ausgelastet ist.<\/p>\n\n\n\n<p>Wohlstandskind trifft Sorgenkind. Wobei das Wort &#8218;Kind&#8216; irref\u00fchrend ist, ausser man m\u00f6chte die Betonung auf der Infantilit\u00e4t der Betroffenen legen. Fridays for Future, Klimasenioren und &#8218;Omas gegen rechts&#8216; sind dabei nur die zwei Seiten derselben Medaille. Pers\u00f6nlich w\u00e4re ich froh, wenn es jemandem gel\u00e4nge, schl\u00fcssig zu erkl\u00e4ren, warum es die menschliche Intelligenz heutzutage nicht mehr hergibt, das jeweilige Anliegen, unabh\u00e4ngig von der Frage, wie sinnhaft dieses auch sein mag, nicht in d\u00fcmmlichste Phrasen zu verpacken. <\/p>\n\n\n\n<p>Bei den Klimakiddies kann man aus verschiedenen Gr\u00fcnden eine gewisse Nachsicht walten lassen und ihr beklopptes Handeln auf mangelnde Lebenserfahrung zur\u00fcckf\u00fchren. Was allerdings mit den wohlstandsges\u00e4ttigten Senioren los ist, entzieht sich meiner Kenntnis. Es sei dahingestellt, ob hier der Beweis angetreten werden soll, dass der Mensch im Alter wieder zum Kind regrediert, die stupiden Parolen der Klimasenioren oder der anti-rechten Omas lassen diesen Verdacht zumindest aufkommen. Ohne Zweifel aber ist ein enormes Mass an Selbstgerechtigkeit und Anmassung im Spiel, welches f\u00fcr sich in Anspruch nimmt, alleiniger H\u00fcter der letztg\u00fcltigen Weisheit zu sein. Der missionarische Eifer wird meines Erachtens nach von jenem Schuldkomplex gespeist, der jedem von uns allenthalben eingetrichtert werden soll und sich dergestalt artikuliert, dass wir alle \u00fcber unsere Verh\u00e4ltnisse lebten.<\/p>\n\n\n\n<p>Nicht nur Erstaunen, sondern blanken Zorn entfesselt bei mir die Tatsache, dass sowohl diesen Jungspunden wie auch den Klima- und Anti-Nazi-Greisen jedes Bewusstsein f\u00fcr die unmittelbaren Bedrohungen dieser Tage abgeht. Ich unterstelle beiden gleichermassen mittlerweilen Vorsatz, wenn sie konsequent und eisern \u00fcber die immanente Bedrohung unserer Welt durch einen global gef\u00fchrten Nuklearkrieg schweigt. <\/p>\n\n\n\n<p>Liesse ich mich kurz zu einer Verschw\u00f6rungstheorie hinreissen, wagte ich die Behauptung, dass bez\u00fcglich der Kriegsgefahr derart geschwiegen wird, weil dies nicht im Interesse der Financiers besagter Klima- und Anti-Nazi-Agenda ist. Sollte es anders sein, darf man dies ohne weiteres als mahnendes Zeichen f\u00fcr das ganze Ausmass an allgemeiner und stetig fortschreitender Verbl\u00f6dung auffassen.<\/p>\n\n\n\n<p>W\u00e4re das Gesundheitssystem nicht schon so v\u00f6llig am Anschlag, w\u00e4re es w\u00fcnschenswert, wenn sich sowohl die Klimaj\u00fcnger wie auch all die Nazij\u00e4ger baldm\u00f6glichst in Therapie begeben w\u00fcrden. Der gesellschaftliche Schaden w\u00e4re \u00fcberschaubarer und gerade bei den j\u00fcngeren Mitgliedern unserer ohnehin schon gebeutelten Gesellschaft best\u00fcnde die Hoffnung, dass sich ein objektiver Bezug zur eigentlichen Realit\u00e4t einstellen w\u00fcrde, mit dem Ergebnis, dass sich der Gestaltungswillen der nachfolgenden Generation wieder auf das Wesentliche, allem voran dem Streben nach menschlichen Werten, einer undogmatischen Ethik und Moral und vorallem nach Frieden, konzentriert.<\/p>\n\n\n\n<p>Ehrlich gesagt habe ich dabei allerdings wenig Hoffnung, gerne w\u00fcrde ich mich eines anderen belehren lassen.<\/p>\n","protected":false},"excerpt":{"rendered":"<p>Panikmodus \u00fcberall und in Dauerschleife. Der Panik selbst bin ich schon l\u00e4nger gewillt, nicht nur beizupflichten, sondern selbst zum gl\u00e4ubigen Anh\u00e4nger zu werden. Genau genommen ist mein Leben l\u00e4ngst von Panik vereinnahmt. Die Diskrepanz zwischen der Selbstwahrnehmung, den eigenen wunden Punkten und den \u00f6ffentlich breitgetretenen Sorgen ist, wenig \u00fcberraschend, enorm&#8230;.<\/p>\n","protected":false},"author":1,"featured_media":0,"comment_status":"closed","ping_status":"closed","sticky":false,"template":"","format":"standard","meta":{"footnotes":""},"categories":[2,32,1,37,8,34],"tags":[21,28,27,30],"class_list":["post-1456","post","type-post","status-publish","format-standard","hentry","category-der_taegliche_wahnsinn","category-fachidiotie","category-gedanken","category-krieg-frieden","category-politik","category-zukunft","tag-dummschwaetzerei","tag-geschichte","tag-politik","tag-psychosachen"],"_links":{"self":[{"href":"https:\/\/www.systemfragen.ch\/index.php\/wp-json\/wp\/v2\/posts\/1456","targetHints":{"allow":["GET"]}}],"collection":[{"href":"https:\/\/www.systemfragen.ch\/index.php\/wp-json\/wp\/v2\/posts"}],"about":[{"href":"https:\/\/www.systemfragen.ch\/index.php\/wp-json\/wp\/v2\/types\/post"}],"author":[{"embeddable":true,"href":"https:\/\/www.systemfragen.ch\/index.php\/wp-json\/wp\/v2\/users\/1"}],"replies":[{"embeddable":true,"href":"https:\/\/www.systemfragen.ch\/index.php\/wp-json\/wp\/v2\/comments?post=1456"}],"version-history":[{"count":4,"href":"https:\/\/www.systemfragen.ch\/index.php\/wp-json\/wp\/v2\/posts\/1456\/revisions"}],"predecessor-version":[{"id":1462,"href":"https:\/\/www.systemfragen.ch\/index.php\/wp-json\/wp\/v2\/posts\/1456\/revisions\/1462"}],"wp:attachment":[{"href":"https:\/\/www.systemfragen.ch\/index.php\/wp-json\/wp\/v2\/media?parent=1456"}],"wp:term":[{"taxonomy":"category","embeddable":true,"href":"https:\/\/www.systemfragen.ch\/index.php\/wp-json\/wp\/v2\/categories?post=1456"},{"taxonomy":"post_tag","embeddable":true,"href":"https:\/\/www.systemfragen.ch\/index.php\/wp-json\/wp\/v2\/tags?post=1456"}],"curies":[{"name":"wp","href":"https:\/\/api.w.org\/{rel}","templated":true}]}}