{"id":1652,"date":"2024-09-04T12:12:32","date_gmt":"2024-09-04T10:12:32","guid":{"rendered":"https:\/\/www.systemfragen.ch\/?p=1652"},"modified":"2024-09-04T12:12:32","modified_gmt":"2024-09-04T10:12:32","slug":"kalauer-des-tages-5-kurzes-de-spezial","status":"publish","type":"post","link":"https:\/\/www.systemfragen.ch\/index.php\/2024\/09\/04\/kalauer-des-tages-5-kurzes-de-spezial\/","title":{"rendered":"Kalauer des Tages #5 &#8211; kurzes .de-Spezial"},"content":{"rendered":"\n<p>Haha, wie war das noch mal:<\/p>\n\n\n\n<p><em>W\u00fcrden Wahlen etwas ver\u00e4ndern, w\u00e4ren sie verboten.<\/em><\/p>\n\n\n\n<p>oder Brechts Bonmot:<\/p>\n\n\n\n<p><em>W\u00e4re es da<br>Nicht doch einfacher, die Regierung<br>L\u00f6ste das Volk auf und<br>W\u00e4hlte ein anderes?<\/em><\/p>\n\n\n\n<p>Zu dumm, wenn man monatelange Diffamierungskampagnen gegen bestimmte Parteien f\u00e4hrt und der Erkenntnisgewinn, wie sehr man damit das Gegenteil des Intendierten bewirkt, bis zum Vorliegen der Wahlergebnisse und sogar noch dar\u00fcberhinaus ausbleibt.<\/p>\n\n\n\n<ol class=\"wp-block-list\">\n<li><em><a href=\"https:\/\/www.berliner-zeitung.de\/politik-gesellschaft\/nach-dem-wahldesaster-im-osten-ampel-droht-dem-volk-mit-noch-mehr-kommunikation-li.2250095\">Nach dem Wahldesaster im Osten: Ampel droht dem Volk mit noch mehr Kommunikation<\/a><\/em>.<br>Oho, dann zieht euch mal alle warm an, wenn Ricarda, Saskia und irgendein dahergelaufener FDP-Hinterb\u00e4nkler euch zum Millionsten Mal die Welt erkl\u00e4ren werden!<br>Nehmt das endlich zur Kenntnis, oder besser f\u00fcr bare M\u00fcnze, dann passieren solche undemokratischen Verwirrungen wie die beiden vergifteten Wahlen am Sonntag nicht mehr!<br>Warum wollt ihr eigentlich nicht verstehen, dass dieses Fachpersonal nur das Beste f\u00fcr euch will? Warum seid ihr so verdammt undankbar?<br><br>Da ist er wieder, der Erkl\u00e4rb\u00e4r, mit dem besonders die SPD ihr eigenes Scheitern seit \u00fcber 20 Jahren mit einer Melange von anmassender Arroganz, man werde einfach st\u00e4ndig missverstanden, und der fehlgeleiteten, mit oberlehrerhaftem D\u00fcnkel durchsetzten Pseudoerkenntnis, man m\u00fcsse sich folglich noch mehr darum bem\u00fchen, dem dummen Volk das eigene Wirken zu erkl\u00e4ren, zu kaschieren versucht.<br><\/li>\n\n\n\n<li> Wobei, ganz so toll scheint gerade die Saskia auch parteiintern nicht mehr anzukommen, wie die <a href=\"https:\/\/www.zeit.de\/politik\/deutschland\/2024-09\/spd-talkshow-verzicht-lange-katrin-esken-saskia-wahlen\">brandenburgische Finanziministerin<\/a> Lange kritisch anmerkt. <br><br>Jetzt m\u00fcsste man sich fragen, warum es so lange gedauert hat, bis jemand dieses Faktum ausspricht. Die masochistische Veranlagung bei der SPD ist nat\u00fcrlich schon hinl\u00e4nglich bekannt, auch die Schmerztoleranz ist nachweislich extrem hoch, gerade wenn es bei der SPD darum geht, v\u00f6llig parteifremde Agenden durchzuziehen.<br><br>Von einer besonderen Chuzpe zeugt Eskens Replik auf den Anwurf ihrer Parteikollegin, indem sie anmahnt, dass man so in der SPD nicht miteinander umginge.<br><br>Nun sagt so etwas mit Esken gerade diejenige, <br>&#8211; die keine Skrupel hatte, eine nicht unerhebliche Anzahl von Mitb\u00fcrgern als Covidioten zu bezeichnen, nur weil diese es wagten, gegen die mittlerweilen erwiesenermassen unbegr\u00fcndeten massiven Grundrechtseingriffe zu protestieren  <br>&#8211; die nicht von abstrussesten Vergleichen zwischen dem von Leuten wie ihr mitverursachten Aufstieg der AfD mit der NSDAP im Nachrichtenmagazin des \u00f6sterreichischen Rundfunks zur\u00fcckschreckt<br>&#8211; die auf eine Messerstecherei mit 3 Toten und vielen Schwerverletzten unverhohlen zu Protokoll gibt, dass sich aus diesem Vorfall vermutlich nichts lernen liesse,<br>&#8211; die ihre fachliche Inkompetenz auf allen Politfelder offenbart, indem sie \u00fcber ihr gesch\u00e4ftiges Leben als Strassenmusikerin, Paketbotin und Chauffeurin eines Professors berichtet, sich aber anmasst, zu jedem wirklich relevanten Thema ausschliesslich hirnverbrannten Stuss zum Besten zu geben.<\/li>\n<\/ol>\n\n\n\n<p>Ich h\u00e4tte dazu eine Frage<\/p>\n\n\n\n<p>Hat&#8217;s euch ins Stroh gehagelt? <\/p>\n\n\n\n<p>Auch wenn man Frau Lange egoistische Motive unterstellen muss, immerhin steht ihr Posten bei den kommenden Wahlen in Brandenburg zur Disposition, hat sie doch nur das ausgesprochen, was nicht nur viele in der SPD, sondern auch das Gros der deutschen \u00d6ffentlichkeit seit langem \u00fcber Esken und ihren Co-Vorsitzenden K\u00fchnert denken. Dass sich der Sturm der Entr\u00fcstung mit hoher Wahrscheinlichkeit erneut auf die Botin der schlechten Botschaften, auf Frau Lange richten wird, ist genauso vorhersehbar wie bezeichnend f\u00fcr die herrschenden Verh\u00e4ltnisse.<\/p>\n\n\n\n<p>Dass sich die SPD im Chor mit den anderen Systemparteien nicht zu bl\u00f6de ist, bei einer demokratischen Wahl mit abstruser Wortakrobatik zwischen demokratisch legitimierten und, (na, wie eigentlich ganz konkret?) &#8218;undemokratisch&#8216; zustande gekommenen W\u00e4hlerstimmen zu unterscheiden, ist angesichts des erkennbaren Ausmasses an Verbl\u00f6dung des politischen Diskurses eigentlich nur ein kleines Mosaiksteinchen, welches sich wunderbar ins Gesamtbild all der anderen dystopischen Verirrungen deutscher Politik w\u00e4hrend der letzten 5 Jahre einf\u00fcgt. <\/p>\n\n\n\n<p>W\u00e4re man \u00fcbrigens ausnahmsweise einmal ganz ehrlich mit sich selbst, liesse sich die Liste mit SPD-Mitgliedern, die man besser von \u00f6ffentlichen \u00c4usserungen abhalten sollte nahezu beliebig erweitern. Auch Herr Klingbeil hat sich bereits mit absurden Nazi-Vergleichen in Szene gesetzt und ist dazu ein hochideologisch bornierter Kriegstreiber, Frau Faeser arbeitet eifrig an der Abschaffung der deutschen Restdemokratie, Herr Lauterbach hat sich derart in sein selbstgeschaffenes Covid-L\u00fcgenkonstrukt verstrickt, dass man den Umstand, dass er immer noch auf seinem Posten sitzt, schlicht als himmelschreienden Skandal bezeichnen muss und Herr Pistorius scheint mit seinem Russenhass derart missionarisch verblendet unterwegs zu sein, dass er keine Skrupel hat, Deutschland notfalls ohne weitere Bedenken in einen Nuklearkrieg zu reissen.<br><br>Und in der Mitte dieses Affenzirkus sitzt ein SPD Bundeskanzler, der sich \u00f6ffentlich von seinen amerikanischen und europ\u00e4ischen Alliierten vorf\u00fchren und regelrecht dem\u00fctigen und von allen seinen Ministern auf der Nase rumtanzen l\u00e4sst, weil er mit seinen eigenen korrupten Machenschaften rund um Cum-Ex beliebig erpressbar ist. <\/p>\n\n\n\n<p>Statt endlich das Offensichtliche zu erkennen und gegenzusteuern, praktiziert man weiter eine penetrante Verleugnung der Realit\u00e4t, die wahnhafte W\u00e4hlerbeschimpfung, weil sie nur noch \u00fcberall Nazis sehen, und die ostentative Bekundung, allen Fakten zum Trotz genau so weiter zu machen wie bisher<\/p>\n\n\n\n<p>Dabei kann man nur viel Erfolg w\u00fcnschen!<\/p>\n","protected":false},"excerpt":{"rendered":"<p>Haha, wie war das noch mal: W\u00fcrden Wahlen etwas ver\u00e4ndern, w\u00e4ren sie verboten. oder Brechts Bonmot: W\u00e4re es daNicht doch einfacher, die RegierungL\u00f6ste das Volk auf undW\u00e4hlte ein anderes? Zu dumm, wenn man monatelange Diffamierungskampagnen gegen bestimmte Parteien f\u00e4hrt und der Erkenntnisgewinn, wie sehr man damit das Gegenteil des Intendierten&#8230;<\/p>\n","protected":false},"author":1,"featured_media":0,"comment_status":"closed","ping_status":"closed","sticky":false,"template":"","format":"standard","meta":{"footnotes":""},"categories":[2,38,37,39,8],"tags":[22,21,28],"class_list":["post-1652","post","type-post","status-publish","format-standard","hentry","category-der_taegliche_wahnsinn","category-kalauer_des_tages","category-krieg-frieden","category-neusprech","category-politik","tag-corona","tag-dummschwaetzerei","tag-geschichte"],"_links":{"self":[{"href":"https:\/\/www.systemfragen.ch\/index.php\/wp-json\/wp\/v2\/posts\/1652","targetHints":{"allow":["GET"]}}],"collection":[{"href":"https:\/\/www.systemfragen.ch\/index.php\/wp-json\/wp\/v2\/posts"}],"about":[{"href":"https:\/\/www.systemfragen.ch\/index.php\/wp-json\/wp\/v2\/types\/post"}],"author":[{"embeddable":true,"href":"https:\/\/www.systemfragen.ch\/index.php\/wp-json\/wp\/v2\/users\/1"}],"replies":[{"embeddable":true,"href":"https:\/\/www.systemfragen.ch\/index.php\/wp-json\/wp\/v2\/comments?post=1652"}],"version-history":[{"count":2,"href":"https:\/\/www.systemfragen.ch\/index.php\/wp-json\/wp\/v2\/posts\/1652\/revisions"}],"predecessor-version":[{"id":1654,"href":"https:\/\/www.systemfragen.ch\/index.php\/wp-json\/wp\/v2\/posts\/1652\/revisions\/1654"}],"wp:attachment":[{"href":"https:\/\/www.systemfragen.ch\/index.php\/wp-json\/wp\/v2\/media?parent=1652"}],"wp:term":[{"taxonomy":"category","embeddable":true,"href":"https:\/\/www.systemfragen.ch\/index.php\/wp-json\/wp\/v2\/categories?post=1652"},{"taxonomy":"post_tag","embeddable":true,"href":"https:\/\/www.systemfragen.ch\/index.php\/wp-json\/wp\/v2\/tags?post=1652"}],"curies":[{"name":"wp","href":"https:\/\/api.w.org\/{rel}","templated":true}]}}